{"id":1453,"date":"2024-06-01T10:12:29","date_gmt":"2024-06-01T09:12:29","guid":{"rendered":"https:\/\/www.weidmann-group.com\/news\/employee-spotlight-jose-fuentes\/"},"modified":"2026-04-14T16:30:19","modified_gmt":"2026-04-14T15:30:19","slug":"employee-spotlight-jose-fuentes","status":"publish","type":"post","link":"https:\/\/www.weidmann-group.com\/de\/news\/employee-spotlight-jose-fuentes\/","title":{"rendered":"Employee Spotlight: Jos\u00e9 Fuentes"},"content":{"rendered":"\n<p><strong>Clean Room Expansion in Saltillo: An Interview Series with Jos\u00e9 Fuentes<\/strong><\/p>\n\n\n\n<p>Jos\u00e9 Fuentes, our Quality Assurance Manager at Saltillo, Mexico, visited Switzerland at the end of November 2023 to prepare for a significant project establishing new production lines in Rapperswil and Saltillo. During the first part of this interview, he discusses the key quality issues addressed during the visit and the training received for the project in Mexico. The focus is on understanding and replicating quality processes between Switzerland and Mexico.<\/p>\n\n\n\n<p><strong>Viola Frey<\/strong><\/p>\n\n\n\n<p>Hi Jos\u00e9, it\u2019s good to sit down to talk with you today.&nbsp;Can you tell us a little bit about yourself?<\/p>\n\n\n\n<p><strong>Jos\u00e9 Fuentes<\/strong><\/p>\n\n\n\n<p>Hi Viola, sure, I\u2019m a Chemical Engineer from Mexcio City and have worked for Weidmann Medical for four years. I started in November 2019, just before the pandemic. I\u2019m married and I have a 6-year-old son. My wife is an Industrial Engineer and works in the automotive industry, which is the main industry here in Saltillo.<\/p>\n\n\n\n<p>I have been working in the pharmaceutical and medical device industry for 23 years, always from the quality side but always in a very dynamic way with the production or operations departments. So, I joined Weidmann Medical as a Quality Assurance Manager and have enjoyed my time here since starting.<\/p>\n\n\n\n<p><strong>Viola Frey<\/strong><\/p>\n\n\n\n<p>So Jos\u00e9, you have been to Switzerland for this new project?<\/p>\n\n\n\n<p><strong>Jos\u00e9 Fuentes<\/strong><\/p>\n\n\n\n<p>Yes, I was there at the beginning of November 2023. During our visit, we spent one week between both facilities, Bad Ragaz and Rapperswil.<\/p>\n\n\n\n<p><strong>Viola Frey<\/strong><\/p>\n\n\n\n<p>What was your primary purpose for visiting Switzerland?&nbsp;<\/p>\n\n\n\n<p><strong>Jos\u00e9 Fuentes<\/strong><\/p>\n\n\n\n<p>We used the visit as an opportunity to learn as much as possible. Most importantly, we wanted to discuss the key quality issues that are of the highest priority. To further our insights, we met with the entire quality team, led by the Director of Global Quality, Dr. Jens Maximilian Friedrich. These conversations helped to build our knowledge of what quality processing looks like in Switzerland compared to Mexico. We also took the opportunity to receive training to help with the project of setting up new production lines at the Rapperswil and Saltillo sites.<\/p>\n\n\n\n<p>For this training, we spent two days in Rapperswil, mainly reviewing the new production processes and touring the facilities. We also saw the new machines in operation; they were running as part of the project set-up.<\/p>\n\n\n\n<p>In addition, we reviewed the quality aspects, including strategy issues, for this new customer project. We learned about documentation and test methods we need to implement here in Mexico for a successful technology transfer from Switzerland to Mexico.<\/p>\n\n\n\n<p>In that sense, we plan to reproduce not only the production processes but all the quality aspects. Specifically, we have to develop every single testing method here in Mexico. We will standardize the testing methods in Switzerland and Mexico according to the work our colleagues in Switzerland have done in the past.<\/p>\n\n\n\n<p><strong>Viola Frey<\/strong><\/p>\n\n\n\n<p>Is the project in Mexico&nbsp;basically&nbsp;a twin of the Rapperswil project?<\/p>\n\n\n\n<p><strong>Jos\u00e9 Fuentes<\/strong><\/p>\n\n\n\n<p>That\u2019s correct.<\/p>\n\n\n\n<p><strong>Viola Frey<\/strong><\/p>\n\n\n\n<p>How long did&nbsp;it take you to&nbsp;build the clean room, from planning to finishing it?<\/p>\n\n\n\n<p><strong>Jos\u00e9 Fuentes<\/strong><\/p>\n\n\n\n<p>We started in March 2023 this year and finished in August 2023.<\/p>\n\n\n\n<p><strong>Viola Frey<\/strong><\/p>\n\n\n\n<p>So that\u2019s pretty quick, isn\u2019t it?<\/p>\n\n\n\n<p><strong>Jos\u00e9 Fuentes<\/strong><\/p>\n\n\n\n<p>Yes, indeed, it took about six months and was an impressive project building construction.<\/p>\n\n\n\n<p><strong>Viola Frey<\/strong><\/p>\n\n\n\n<p>How was the project set up for the new clean room?<\/p>\n\n\n\n<p><strong>Jos\u00e9 Fuentes<\/strong><\/p>\n\n\n\n<p>We had a project leader from Mexico, Lourdes Labastida, our project manager. From the Swiss side, Roger Wolf from the technical department supported us. I was responsible for all quality issues.<\/p>\n\n\n\n<p><strong>Viola Frey<\/strong><\/p>\n\n\n\n<p>What were the main challenges in meeting all quality requirements according to ISO 13485?<\/p>\n\n\n\n<p><strong>Jos\u00e9 Fuentes<\/strong><\/p>\n\n\n\n<p>The real challenge from a quality perspective is demonstrating that once the new clean room is built and completed, it will&nbsp;be classified&nbsp;according to ISO 13485:2016. So, in that sense, we achieved our initial clean room certification from an external company that was in charge of a series of tests performed to show that it was operating at its required class.<\/p>\n\n\n\n<p>The certification process checks the following parameters: temperature, humidity, pressure, and degree of purity (suspended dust in one cubic meter of air). It also checks whether the contamination class, air velocity, pressure, and flow rate comply with the project requirements.<\/p>\n\n\n\n<p>From my perspective, this&nbsp;was the biggest challenge in building the new clean room, as quality is Weidmann\u2019s top priority.&nbsp;Our unwavering commitment guarantees that every product is crafted to precise specifications, prioritizing patient care throughout the process.<\/p>\n\n\n\n<p><strong>Viola Frey<\/strong><\/p>\n\n\n\n<p>So, did this external company&nbsp;that was&nbsp;checking all those parameters issue official documentation to verify the clean room\u2019s proper functioning?<\/p>\n\n\n\n<p><strong>Jos\u00e9 Fuentes<\/strong><\/p>\n\n\n\n<p>Yes, the documentation issued ensures that our new clean room complies with ISO and current Good Manufacturing Practices (cGMP) standards.<\/p>\n\n\n\n<ul class=\"wp-block-list\">\n<li>A note: As this is a new clean room, the state of the clean room occupancy falls under \u201cas-built,\u201d i.e., a brand-new clean room environment that has never\u00a0been used. In this state, the room is at its cleanest. The installation is complete, and the services are functional, but no materials, production equipment, or people are present.<\/li>\n<\/ul>\n\n\n\n<p><strong>Viola Frey<\/strong><\/p>\n\n\n\n<p>It was a very quick project, but were there any difficulties along the way when you thought there would be delays, or were there any unexpected challenges in building the clean room?<\/p>\n\n\n\n<p><strong>Jos\u00e9 Fuentes<\/strong><\/p>\n\n\n\n<p>I have to say that it&nbsp;was&nbsp;really impressive&nbsp;since everything within this particular project was according to the timeline.<\/p>\n\n\n\n<p>We didn\u2019t have any real problems from a quality point of view because we were able to separate the new clean room construction from the current series production, which meant that they didn\u2019t interfere with each other, e.g., the warehouse, material flow, packaging materials, or finished goods. That made it easier to manage and allowed us to meet the schedule.&nbsp;<\/p>\n\n\n\n<p><strong>Viola Frey<\/strong><\/p>\n\n\n\n<p>What do you think made the project so smooth?<\/p>\n\n\n\n<p><strong>Jos\u00e9 Fuentes&nbsp;<\/strong><\/p>\n\n\n\n<p>It was also&nbsp;very important&nbsp;for us to have the support of the Swiss team at all times. To accomplish this task, we received&nbsp;a lot of&nbsp;feedback from the quality department and the project manager responsible for the project in Switzerland.<\/p>\n\n\n\n<p><strong>Viola Frey<\/strong><\/p>\n\n\n\n<p>Thank you for your time today. I look forward to our next catch-up about sustainability considerations for the clean room and&nbsp;future&nbsp;plans.<\/p>\n\n\n\n<p><strong>Viola Frey<\/strong><\/p>\n\n\n\n<p>Let\u2019s talk about sustainability. Are there any new requirements you must meet to fulfill any sustainability issues, or is there anything you can do to be more sustainable with the new clean room?<\/p>\n\n\n\n<p><strong>Jos\u00e9 Fuentes<\/strong><\/p>\n\n\n\n<p>In terms of sustainability, maintaining the clean room\u2019s ISO A classification after qualification is important.<\/p>\n\n\n\n<p>This means that once we have the qualification, we must maintain the right conditions to avoid anything out-of-specification in those particular areas, such as temperature, particles, or contamination.<\/p>\n\n\n\n<p>In this sense, the situation of the cleanroom at the beginning is that there is nothing in it. We have no equipment or operations, so we only need to enter the cleanroom once we receive all the machines and production lines. We received some of the machines in mid-January, and that\u2019s when we had to make the appropriate preparations to avoid contamination when we started moving all the production equipment into the cleanroom. A second qualification or re-qualification will be required once we have all the equipment in the cleanroom.<\/p>\n\n\n\n<p><strong>Viola Frey<\/strong><\/p>\n\n\n\n<p>And when will that be \u2013 at the end of 2024?<\/p>\n\n\n\n<p><strong>Jos\u00e9 Fuentes<\/strong><\/p>\n\n\n\n<p>Yes, by the end of this year, or, let\u2019s say, Q4\/2024, we expect to have all the equipment inside the clean room and to achieve the re-qualification.<\/p>\n\n\n\n<p>The re-qualification aims to demonstrate that the clean room meets the requirements according to the ISO standard of classification A with all the equipment inside the clean room.<\/p>\n\n\n\n<p><strong>Viola Frey<\/strong><\/p>\n\n\n\n<p>Will you be responsible for quality when the machines arrive and production starts?<\/p>\n\n\n\n<p><strong>Jos\u00e9 Fuentes<\/strong><\/p>\n\n\n\n<p>That\u2019s exactly right. From a quality perspective, we&nbsp;are involved&nbsp;even when we are not producing.&nbsp;But it is necessary to maintain&nbsp;the conditions of the clean room in terms of good manufacturing practices or GMP standards.<\/p>\n\n\n\n<p><strong>Viola Frey<\/strong><\/p>\n\n\n\n<p>What is the size of your quality team in Mexico?<\/p>\n\n\n\n<p><strong>Jos\u00e9 Fuentes<\/strong><\/p>\n\n\n\n<p>At the moment, we have six people on the quality team:<\/p>\n\n\n\n<p>Besides myself as the Quality Assurance Manager, we have four Quality Technicians and one Quality Engineer on the team, who also came with me to Switzerland for training. We are also considering hiring two additional Technicians and one Quality Assurance Engineer for the project. This will be not only for the project but also for the regular production once we have the product in production, and certainly for the rest of the products we make.<\/p>\n\n\n\n<p><strong>Viola Frey<\/strong><\/p>\n\n\n\n<p>When planning the clean room, did you consider applying Six Sigma and lean manufacturing standards, as these are our usual standards?<\/p>\n\n\n\n<p><strong>Jos\u00e9 Fuentes<\/strong><\/p>\n\n\n\n<p>Yes, since this project involves transferring technology from Switzerland to Mexico, we have the great advantage of the experience that the Swiss team has gained over the last month. So, from a planning perspective, we have a design of the warehouse\u2019s layout, including the clean room and the auxiliary areas that will provide services to it. For example, the raw material feed, which will be located next to the clean room, is included in this layout.<\/p>\n\n\n\n<p>This will be very efficient for the process. The intention is to have a lean process from the beginning and avoid any significant improvements needed before the process\u2019s release. Later, once we start producing the new components, continuous improvement will be in place. Our starting point will begin with the baseline from the Swiss production line.<\/p>\n\n\n\n<p><strong>Viola Frey<\/strong><\/p>\n\n\n\n<p>What do you see as the biggest challenge in this project?<\/p>\n\n\n\n<p><strong>Jos\u00e9 Fuentes<\/strong><\/p>\n\n\n\n<p>Well, the biggest challenge from a quality perspective is that at the end of the project, before we start regular production, we can show that the Saltillo site can produce quality parts based on customer requirements.<\/p>\n\n\n\n<p><strong>Viola Frey<\/strong><\/p>\n\n\n\n<p>That\u2019s the beauty of this project, right?&nbsp;To serve the European market from Switzerland and the North American market from Mexico.&nbsp;So this clean room is dedicated to one customer, but with the remaining capacity at the Saltillo site, we have room to expand, and more customers could benefit from this: Swiss quality \u2013 made in Mexico.<\/p>\n\n\n\n<p><strong>Jos\u00e9 Fuentes<\/strong><\/p>\n\n\n\n<p>That\u2019s true! The whole team in Mexico is committed to this project and loves being a part of it. They all want to show how well we can execute, so we look forward to finishing the project and getting into regular production. I am very proud of this team.<\/p>\n\n\n\n<p><strong>Viola Frey<\/strong><\/p>\n\n\n\n<p>Thank you very much for the interview,&nbsp;Jos\u00e9.<\/p>\n","protected":false},"excerpt":{"rendered":"<p>Clean Room Expansion in Saltillo: An Interview Series with Jos\u00e9 Fuentes Jos\u00e9 Fuentes, our Quality Assurance Manager at Saltillo, Mexico, visited Switzerland at the end of November 2023 to prepare for a significant project establishing new production lines in Rapperswil and Saltillo. During the first part of this interview, he discusses the key quality issues [&hellip;]<\/p>\n","protected":false},"author":7,"featured_media":2600,"comment_status":"closed","ping_status":"closed","sticky":false,"template":"","format":"standard","meta":{"_acf_changed":false,"footnotes":""},"categories":[35],"tags":[],"class_list":["post-1453","post","type-post","status-publish","format-standard","has-post-thumbnail","hentry","category-employee-spotlight-de"],"acf":[],"yoast_head":"<!-- This site is optimized with the Yoast SEO plugin v27.5 - https:\/\/yoast.com\/product\/yoast-seo-wordpress\/ -->\n<title>Employee Spotlight: Jos\u00e9 Fuentes - Weidmann Group<\/title>\n<meta name=\"robots\" content=\"index, follow, max-snippet:-1, max-image-preview:large, max-video-preview:-1\" \/>\n<link rel=\"canonical\" href=\"https:\/\/www.weidmann-group.com\/de\/news\/employee-spotlight-jose-fuentes\/\" \/>\n<meta property=\"og:locale\" content=\"de_DE\" \/>\n<meta property=\"og:type\" content=\"article\" \/>\n<meta property=\"og:title\" content=\"Employee Spotlight: Jos\u00e9 Fuentes - Weidmann Group\" \/>\n<meta property=\"og:description\" content=\"Clean Room Expansion in Saltillo: An Interview Series with Jos\u00e9 Fuentes Jos\u00e9 Fuentes, our Quality Assurance Manager at Saltillo, Mexico, visited Switzerland at the end of November 2023 to prepare for a significant project establishing new production lines in Rapperswil and Saltillo. During the first part of this interview, he discusses the key quality issues [&hellip;]\" \/>\n<meta property=\"og:url\" content=\"https:\/\/www.weidmann-group.com\/de\/news\/employee-spotlight-jose-fuentes\/\" \/>\n<meta property=\"og:site_name\" content=\"Weidmann Group\" \/>\n<meta property=\"article:published_time\" content=\"2024-06-01T09:12:29+00:00\" \/>\n<meta property=\"article:modified_time\" content=\"2026-04-14T15:30:19+00:00\" \/>\n<meta property=\"og:image\" content=\"https:\/\/www.weidmann-group.com\/wp-content\/uploads\/2025\/05\/ESH-Fuentes-2340x1000-1.avif\" \/>\n\t<meta property=\"og:image:width\" content=\"2340\" \/>\n\t<meta property=\"og:image:height\" content=\"1000\" \/>\n\t<meta property=\"og:image:type\" content=\"image\/jpeg\" \/>\n<meta name=\"author\" content=\"greghustler\" \/>\n<meta name=\"twitter:card\" content=\"summary_large_image\" \/>\n<meta name=\"twitter:label1\" content=\"Written by\" \/>\n\t<meta name=\"twitter:data1\" content=\"greghustler\" \/>\n\t<meta name=\"twitter:label2\" content=\"Est. reading time\" \/>\n\t<meta name=\"twitter:data2\" content=\"9 Minuten\" \/>\n<script type=\"application\/ld+json\" class=\"yoast-schema-graph\">{\"@context\":\"https:\\\/\\\/schema.org\",\"@graph\":[{\"@type\":\"Article\",\"@id\":\"https:\\\/\\\/www.weidmann-group.com\\\/de\\\/news\\\/employee-spotlight-jose-fuentes\\\/#article\",\"isPartOf\":{\"@id\":\"https:\\\/\\\/www.weidmann-group.com\\\/de\\\/news\\\/employee-spotlight-jose-fuentes\\\/\"},\"author\":{\"name\":\"greghustler\",\"@id\":\"https:\\\/\\\/www.weidmann-group.com\\\/de\\\/#\\\/schema\\\/person\\\/14c90b49f417ab0f70e7abc391243696\"},\"headline\":\"Employee Spotlight: Jos\u00e9 Fuentes\",\"datePublished\":\"2024-06-01T09:12:29+00:00\",\"dateModified\":\"2026-04-14T15:30:19+00:00\",\"mainEntityOfPage\":{\"@id\":\"https:\\\/\\\/www.weidmann-group.com\\\/de\\\/news\\\/employee-spotlight-jose-fuentes\\\/\"},\"wordCount\":1825,\"image\":{\"@id\":\"https:\\\/\\\/www.weidmann-group.com\\\/de\\\/news\\\/employee-spotlight-jose-fuentes\\\/#primaryimage\"},\"thumbnailUrl\":\"https:\\\/\\\/www.weidmann-group.com\\\/wp-content\\\/uploads\\\/2025\\\/05\\\/ESH-Fuentes-2340x1000-1.avif\",\"articleSection\":[\"Employee Spotlight\"],\"inLanguage\":\"de-DE\"},{\"@type\":\"WebPage\",\"@id\":\"https:\\\/\\\/www.weidmann-group.com\\\/de\\\/news\\\/employee-spotlight-jose-fuentes\\\/\",\"url\":\"https:\\\/\\\/www.weidmann-group.com\\\/de\\\/news\\\/employee-spotlight-jose-fuentes\\\/\",\"name\":\"Employee Spotlight: Jos\u00e9 Fuentes - Weidmann Group\",\"isPartOf\":{\"@id\":\"https:\\\/\\\/www.weidmann-group.com\\\/de\\\/#website\"},\"primaryImageOfPage\":{\"@id\":\"https:\\\/\\\/www.weidmann-group.com\\\/de\\\/news\\\/employee-spotlight-jose-fuentes\\\/#primaryimage\"},\"image\":{\"@id\":\"https:\\\/\\\/www.weidmann-group.com\\\/de\\\/news\\\/employee-spotlight-jose-fuentes\\\/#primaryimage\"},\"thumbnailUrl\":\"https:\\\/\\\/www.weidmann-group.com\\\/wp-content\\\/uploads\\\/2025\\\/05\\\/ESH-Fuentes-2340x1000-1.avif\",\"datePublished\":\"2024-06-01T09:12:29+00:00\",\"dateModified\":\"2026-04-14T15:30:19+00:00\",\"author\":{\"@id\":\"https:\\\/\\\/www.weidmann-group.com\\\/de\\\/#\\\/schema\\\/person\\\/14c90b49f417ab0f70e7abc391243696\"},\"breadcrumb\":{\"@id\":\"https:\\\/\\\/www.weidmann-group.com\\\/de\\\/news\\\/employee-spotlight-jose-fuentes\\\/#breadcrumb\"},\"inLanguage\":\"de-DE\",\"potentialAction\":[{\"@type\":\"ReadAction\",\"target\":[\"https:\\\/\\\/www.weidmann-group.com\\\/de\\\/news\\\/employee-spotlight-jose-fuentes\\\/\"]}]},{\"@type\":\"ImageObject\",\"inLanguage\":\"de-DE\",\"@id\":\"https:\\\/\\\/www.weidmann-group.com\\\/de\\\/news\\\/employee-spotlight-jose-fuentes\\\/#primaryimage\",\"url\":\"https:\\\/\\\/www.weidmann-group.com\\\/wp-content\\\/uploads\\\/2025\\\/05\\\/ESH-Fuentes-2340x1000-1.avif\",\"contentUrl\":\"https:\\\/\\\/www.weidmann-group.com\\\/wp-content\\\/uploads\\\/2025\\\/05\\\/ESH-Fuentes-2340x1000-1.avif\",\"width\":2340,\"height\":1000},{\"@type\":\"BreadcrumbList\",\"@id\":\"https:\\\/\\\/www.weidmann-group.com\\\/de\\\/news\\\/employee-spotlight-jose-fuentes\\\/#breadcrumb\",\"itemListElement\":[{\"@type\":\"ListItem\",\"position\":1,\"name\":\"Home\",\"item\":\"https:\\\/\\\/www.weidmann-group.com\\\/de\\\/\"},{\"@type\":\"ListItem\",\"position\":2,\"name\":\"Employee Spotlight: Jos\u00e9 Fuentes\"}]},{\"@type\":\"WebSite\",\"@id\":\"https:\\\/\\\/www.weidmann-group.com\\\/de\\\/#website\",\"url\":\"https:\\\/\\\/www.weidmann-group.com\\\/de\\\/\",\"name\":\"Weidmann Group\",\"description\":\"\",\"potentialAction\":[{\"@type\":\"SearchAction\",\"target\":{\"@type\":\"EntryPoint\",\"urlTemplate\":\"https:\\\/\\\/www.weidmann-group.com\\\/de\\\/?s={search_term_string}\"},\"query-input\":{\"@type\":\"PropertyValueSpecification\",\"valueRequired\":true,\"valueName\":\"search_term_string\"}}],\"inLanguage\":\"de-DE\"},{\"@type\":\"Person\",\"@id\":\"https:\\\/\\\/www.weidmann-group.com\\\/de\\\/#\\\/schema\\\/person\\\/14c90b49f417ab0f70e7abc391243696\",\"name\":\"greghustler\",\"image\":{\"@type\":\"ImageObject\",\"inLanguage\":\"de-DE\",\"@id\":\"https:\\\/\\\/secure.gravatar.com\\\/avatar\\\/e1bf2d432c6ec202d5624fe19162055f6d46cbd96181116ba057df94716560ce?s=96&d=mm&r=g\",\"url\":\"https:\\\/\\\/secure.gravatar.com\\\/avatar\\\/e1bf2d432c6ec202d5624fe19162055f6d46cbd96181116ba057df94716560ce?s=96&d=mm&r=g\",\"contentUrl\":\"https:\\\/\\\/secure.gravatar.com\\\/avatar\\\/e1bf2d432c6ec202d5624fe19162055f6d46cbd96181116ba057df94716560ce?s=96&d=mm&r=g\",\"caption\":\"greghustler\"},\"url\":\"https:\\\/\\\/www.weidmann-group.com\\\/de\\\/news\\\/author\\\/greghustler\\\/\"}]}<\/script>\n<!-- \/ Yoast SEO plugin. -->","yoast_head_json":{"title":"Employee Spotlight: Jos\u00e9 Fuentes - Weidmann Group","robots":{"index":"index","follow":"follow","max-snippet":"max-snippet:-1","max-image-preview":"max-image-preview:large","max-video-preview":"max-video-preview:-1"},"canonical":"https:\/\/www.weidmann-group.com\/de\/news\/employee-spotlight-jose-fuentes\/","og_locale":"de_DE","og_type":"article","og_title":"Employee Spotlight: Jos\u00e9 Fuentes - Weidmann Group","og_description":"Clean Room Expansion in Saltillo: An Interview Series with Jos\u00e9 Fuentes Jos\u00e9 Fuentes, our Quality Assurance Manager at Saltillo, Mexico, visited Switzerland at the end of November 2023 to prepare for a significant project establishing new production lines in Rapperswil and Saltillo. During the first part of this interview, he discusses the key quality issues [&hellip;]","og_url":"https:\/\/www.weidmann-group.com\/de\/news\/employee-spotlight-jose-fuentes\/","og_site_name":"Weidmann Group","article_published_time":"2024-06-01T09:12:29+00:00","article_modified_time":"2026-04-14T15:30:19+00:00","og_image":[{"width":2340,"height":1000,"url":"https:\/\/www.weidmann-group.com\/wp-content\/uploads\/2025\/05\/ESH-Fuentes-2340x1000-1.avif","type":"image\/jpeg"}],"author":"greghustler","twitter_card":"summary_large_image","twitter_misc":{"Written by":"greghustler","Est. reading time":"9 Minuten"},"schema":{"@context":"https:\/\/schema.org","@graph":[{"@type":"Article","@id":"https:\/\/www.weidmann-group.com\/de\/news\/employee-spotlight-jose-fuentes\/#article","isPartOf":{"@id":"https:\/\/www.weidmann-group.com\/de\/news\/employee-spotlight-jose-fuentes\/"},"author":{"name":"greghustler","@id":"https:\/\/www.weidmann-group.com\/de\/#\/schema\/person\/14c90b49f417ab0f70e7abc391243696"},"headline":"Employee Spotlight: Jos\u00e9 Fuentes","datePublished":"2024-06-01T09:12:29+00:00","dateModified":"2026-04-14T15:30:19+00:00","mainEntityOfPage":{"@id":"https:\/\/www.weidmann-group.com\/de\/news\/employee-spotlight-jose-fuentes\/"},"wordCount":1825,"image":{"@id":"https:\/\/www.weidmann-group.com\/de\/news\/employee-spotlight-jose-fuentes\/#primaryimage"},"thumbnailUrl":"https:\/\/www.weidmann-group.com\/wp-content\/uploads\/2025\/05\/ESH-Fuentes-2340x1000-1.avif","articleSection":["Employee Spotlight"],"inLanguage":"de-DE"},{"@type":"WebPage","@id":"https:\/\/www.weidmann-group.com\/de\/news\/employee-spotlight-jose-fuentes\/","url":"https:\/\/www.weidmann-group.com\/de\/news\/employee-spotlight-jose-fuentes\/","name":"Employee Spotlight: Jos\u00e9 Fuentes - Weidmann Group","isPartOf":{"@id":"https:\/\/www.weidmann-group.com\/de\/#website"},"primaryImageOfPage":{"@id":"https:\/\/www.weidmann-group.com\/de\/news\/employee-spotlight-jose-fuentes\/#primaryimage"},"image":{"@id":"https:\/\/www.weidmann-group.com\/de\/news\/employee-spotlight-jose-fuentes\/#primaryimage"},"thumbnailUrl":"https:\/\/www.weidmann-group.com\/wp-content\/uploads\/2025\/05\/ESH-Fuentes-2340x1000-1.avif","datePublished":"2024-06-01T09:12:29+00:00","dateModified":"2026-04-14T15:30:19+00:00","author":{"@id":"https:\/\/www.weidmann-group.com\/de\/#\/schema\/person\/14c90b49f417ab0f70e7abc391243696"},"breadcrumb":{"@id":"https:\/\/www.weidmann-group.com\/de\/news\/employee-spotlight-jose-fuentes\/#breadcrumb"},"inLanguage":"de-DE","potentialAction":[{"@type":"ReadAction","target":["https:\/\/www.weidmann-group.com\/de\/news\/employee-spotlight-jose-fuentes\/"]}]},{"@type":"ImageObject","inLanguage":"de-DE","@id":"https:\/\/www.weidmann-group.com\/de\/news\/employee-spotlight-jose-fuentes\/#primaryimage","url":"https:\/\/www.weidmann-group.com\/wp-content\/uploads\/2025\/05\/ESH-Fuentes-2340x1000-1.avif","contentUrl":"https:\/\/www.weidmann-group.com\/wp-content\/uploads\/2025\/05\/ESH-Fuentes-2340x1000-1.avif","width":2340,"height":1000},{"@type":"BreadcrumbList","@id":"https:\/\/www.weidmann-group.com\/de\/news\/employee-spotlight-jose-fuentes\/#breadcrumb","itemListElement":[{"@type":"ListItem","position":1,"name":"Home","item":"https:\/\/www.weidmann-group.com\/de\/"},{"@type":"ListItem","position":2,"name":"Employee Spotlight: Jos\u00e9 Fuentes"}]},{"@type":"WebSite","@id":"https:\/\/www.weidmann-group.com\/de\/#website","url":"https:\/\/www.weidmann-group.com\/de\/","name":"Weidmann Group","description":"","potentialAction":[{"@type":"SearchAction","target":{"@type":"EntryPoint","urlTemplate":"https:\/\/www.weidmann-group.com\/de\/?s={search_term_string}"},"query-input":{"@type":"PropertyValueSpecification","valueRequired":true,"valueName":"search_term_string"}}],"inLanguage":"de-DE"},{"@type":"Person","@id":"https:\/\/www.weidmann-group.com\/de\/#\/schema\/person\/14c90b49f417ab0f70e7abc391243696","name":"greghustler","image":{"@type":"ImageObject","inLanguage":"de-DE","@id":"https:\/\/secure.gravatar.com\/avatar\/e1bf2d432c6ec202d5624fe19162055f6d46cbd96181116ba057df94716560ce?s=96&d=mm&r=g","url":"https:\/\/secure.gravatar.com\/avatar\/e1bf2d432c6ec202d5624fe19162055f6d46cbd96181116ba057df94716560ce?s=96&d=mm&r=g","contentUrl":"https:\/\/secure.gravatar.com\/avatar\/e1bf2d432c6ec202d5624fe19162055f6d46cbd96181116ba057df94716560ce?s=96&d=mm&r=g","caption":"greghustler"},"url":"https:\/\/www.weidmann-group.com\/de\/news\/author\/greghustler\/"}]}},"_links":{"self":[{"href":"https:\/\/www.weidmann-group.com\/de\/wp-json\/wp\/v2\/posts\/1453","targetHints":{"allow":["GET"]}}],"collection":[{"href":"https:\/\/www.weidmann-group.com\/de\/wp-json\/wp\/v2\/posts"}],"about":[{"href":"https:\/\/www.weidmann-group.com\/de\/wp-json\/wp\/v2\/types\/post"}],"author":[{"embeddable":true,"href":"https:\/\/www.weidmann-group.com\/de\/wp-json\/wp\/v2\/users\/7"}],"replies":[{"embeddable":true,"href":"https:\/\/www.weidmann-group.com\/de\/wp-json\/wp\/v2\/comments?post=1453"}],"version-history":[{"count":1,"href":"https:\/\/www.weidmann-group.com\/de\/wp-json\/wp\/v2\/posts\/1453\/revisions"}],"predecessor-version":[{"id":6571,"href":"https:\/\/www.weidmann-group.com\/de\/wp-json\/wp\/v2\/posts\/1453\/revisions\/6571"}],"wp:featuredmedia":[{"embeddable":true,"href":"https:\/\/www.weidmann-group.com\/de\/wp-json\/wp\/v2\/media\/2600"}],"wp:attachment":[{"href":"https:\/\/www.weidmann-group.com\/de\/wp-json\/wp\/v2\/media?parent=1453"}],"wp:term":[{"taxonomy":"category","embeddable":true,"href":"https:\/\/www.weidmann-group.com\/de\/wp-json\/wp\/v2\/categories?post=1453"},{"taxonomy":"post_tag","embeddable":true,"href":"https:\/\/www.weidmann-group.com\/de\/wp-json\/wp\/v2\/tags?post=1453"}],"curies":[{"name":"wp","href":"https:\/\/api.w.org\/{rel}","templated":true}]}}